{"id":1389,"date":"2019-07-23T12:22:06","date_gmt":"2019-07-23T10:22:06","guid":{"rendered":"https:\/\/firmaren.sk\/clanky\/?p=1389"},"modified":"2019-07-23T12:22:07","modified_gmt":"2019-07-23T10:22:07","slug":"zasielky-nosili-v-mhd-dnes-chcu-byt-europskym-lidrom","status":"publish","type":"post","link":"https:\/\/www.firmaren.sk\/clanky\/zasielky-nosili-v-mhd-dnes-chcu-byt-europskym-lidrom\/","title":{"rendered":"Z\u00e1sielky nosili v MHD, dnes chc\u00fa by\u0165 eur\u00f3pskym l\u00eddrom"},"content":{"rendered":"\n<p><strong>Kde a ako vznikol n\u00e1pad rozbehn\u00fa\u0165 podnikanie s doru\u010dovan\u00edm z\u00e1sielok? <\/strong><\/p>\n\n\n\n<p>Z\u00e1sielkov\u0148a\nvznikla v&nbsp;\u010cesku, ale realizovala sa s\u00fabe\u017ene aj na Slovensku. S n\u00e1padom\npri\u0161la zakladate\u013eka Simona Kijonkov\u00e1, ktorej\nsa e-shopy s\u0165a\u017eovali, \u017ee maj\u00fa probl\u00e9m s&nbsp;dopravou z\u00e1kazn\u00edkom. T\u00fdm, \u017ee jej\nman\u017eel je majite\u013e e-shopu, videla do sveta e-commerce a&nbsp;na\u0161la dieru na\ntrhu. Preto sa rozhodla zalo\u017ei\u0165 Z\u00e1sielkov\u0148u. <\/p>\n\n\n\n<p><strong>S ak\u00fdmi najv\u00e4\u010d\u0161\u00edmi\n\u0165a\u017ekos\u0165ami ste sa museli vysporiada\u0165, ke\u010f ste rozbiehali spolo\u010dnos\u0165? <\/strong><\/p>\n\n\n\n<p>Za\u010diatky boli ve\u013emi \u0165a\u017ek\u00e9. V\n\u010cesku a na Slovensku sme mali&nbsp;prv\u00fd rok dokopy 28 pobo\u010diek a s takou malou\nsie\u0165ou v\u00fddajn\u00ed bolo \u0165a\u017ek\u00e9 produkt pred\u00e1va\u0165. Z\u00e1sobova\u0165 pobo\u010dky chodila\nzakladate\u013eka osobne tak, \u017ee si z\u00e1sielky nabalila do igelitov\u00fdch ta\u0161iek a\nrozv\u00e1\u017eala ich po pobo\u010dk\u00e1ch v mestskej hromadnej doprave. <\/p>\n\n\n\n<p><strong>Ako vznikali va\u0161e pobo\u010dky?<\/strong><\/p>\n\n\n\n<p>Oslovili sme nejak\u00fd obchod \u010di\nkvetin\u00e1rstvo a d\u00e1vali sme im za to prov\u00edziu. Ke\u010f\u017ee t\u00fdch z\u00e1sielok chodilo m\u00e1lo,\nneboli sme tak atrakt\u00edvni, preto\u017ee sme na to miesto nedok\u00e1zali pritiahnu\u0165\ndostatok nov\u00fdch z\u00e1kazn\u00edkov. Presved\u010di\u0165 v\u00fddajn\u00e9 miesto na spolupr\u00e1cu teda bolo\nve\u013emi n\u00e1ro\u010dn\u00e9. Podobn\u00e9 to bolo aj s&nbsp;e-shopmi pre mal\u00fd po\u010det v\u00fddajn\u00fdch\nmiest. <\/p>\n\n\n\n<p><strong>Ako sa v\u00e1m teda podarilo\npresved\u010di\u0165 e-shopy na spolupr\u00e1cu? <\/strong><\/p>\n\n\n\n<p>\u010cesk\u00e9 e-shopy v tom \u010dase chceli\ndoru\u010dova\u0165 na Slovensko a h\u013eadali lacnej\u0161iu mo\u017enos\u0165 ako be\u017en\u00e9 doru\u010denie\nkuri\u00e9rom. Nako\u013eko sme s\u00fabe\u017ene rozbiehali doru\u010dovanie v oboch krajin\u00e1ch, pokryli\nsme trh a na\u0161e slu\u017eby boli lacnej\u0161ie. A&nbsp;hlavne, e-shopy pon\u00fakli kone\u010dne\nsvojim z\u00e1kazn\u00edkom slobodu.<\/p>\n\n\n\n<p><strong>V s\u00fa\u010dasnosti t\u00fdch v\u00fddajn\u00fdch\nmiest m\u00e1te ne\u00farekom. <\/strong><\/p>\n\n\n\n<p>To je pravda. Dnes u\u017e ich\nm\u00e1me&nbsp; viac ako 2-tis\u00edc v piatich\neur\u00f3pskych krajin\u00e1ch a naprie\u010d celou sie\u0165ou v\u00fddajn\u00fdch miest m\u00e1me vlastn\u00fa\nlogistiku. Okrem toho pon\u00fakame aj doru\u010denie na adresu prostredn\u00edctvom na\u0161ich\nzmluvn\u00fdch partnerov, ktor\u00fa aktu\u00e1lne poskytujeme v dvan\u00e1stich krajin\u00e1ch. <\/p>\n\n\n\n<p><strong>Internetov\u00fd predaj st\u00e1le\nrastie, pl\u00e1nujete aj vy \u010falej expandova\u0165? <\/strong><\/p>\n\n\n\n<p>Ur\u010dite. Na\u0161\u00edm cie\u013eom pre tento\nrok je doru\u010dova\u0165 do celej eur\u00f3pskej 28-\u010dky a&nbsp;sta\u0165 sa jedn\u00fdm\nz&nbsp;eur\u00f3pskych l\u00eddrov.<\/p>\n\n\n\n<p><strong>V \u010dom pod\u013ea v\u00e1s tkvie \u00faspech\na&nbsp;v\u00fdnimo\u010dnos\u0165 v\u00fddajn\u00fdch miest Z\u00e1sielkovne? <\/strong><\/p>\n\n\n\n<p> V inov\u00e1ci\u00e1ch. Na\u0161e podnikanie sa men\u00ed v z\u00e1vislosti od toho, ako spotrebitelia funguj\u00fa, \u017ee chc\u00fa by\u0165 ove\u013ea flexibilnej\u0161\u00ed a nechc\u00fa sa obmedzova\u0165 na \u010das a miesto, ako je to v pr\u00edpade kuri\u00e9ra. Z\u00e1kazn\u00edk sa s\u00e1m rozhodne, kedy si p\u00f4jde pre svoju z\u00e1sielku a takisto si ur\u010d\u00ed aj miesto, ktor\u00e9 je bl\u00edzko k jeho pr\u00e1ci alebo domovu. <\/p>\n\n\n\n<p><strong>Ako zvl\u00e1date hektick\u00e9\nobdobie pred Vianocami? <\/strong><\/p>\n\n\n\n<p>Sez\u00f3na, nielen v r\u00e1mci\ne-commerce, sa za\u010d\u00edna u\u017e po\u010das novembra, ke\u010f v\u0161ade prebiehaj\u00fa akcie s n\u00e1zvom\nBlack Friday, \u010di\u017ee ve\u013ek\u00e9 v\u00fdpredaje. Vtedy sa l\u00e1mu rekordy. Na sez\u00f3nu sa\nintenz\u00edvne pripravujeme u\u017e v lete. <\/p>\n\n\n\n<p><strong>Kto v\u00e1m pom\u00e1ha s administrat\u00edvou Va\u0161ej spolo\u010dnosti? <\/strong><\/p>\n\n\n\n<p>Ako ka\u017ed\u00fd podnikate\u013e, ani ja nem\u00e1m r\u00e1d byrokraciu a nebav\u00ed ma beha\u0165 po \u00faradoch, vypisova\u0165 formul\u00e1re a podobne. S t\u00fdmto mi pom\u00e1ha kolegy\u0148a, ktor\u00e1 u n\u00e1s vedie finan\u010dn\u00e9 oddelenie. Pokia\u013e je ale nutn\u00e9 vykona\u0165 nejak\u00fa zmenu v spolo\u010dnosti, tak sa obraciam na Firm\u00e1re\u0148, kde si online v\u0161etko naklik\u00e1m a oni to vyrie\u0161ia za m\u0148a. Je to pre m\u0148a r\u00fdchle, pohodln\u00e9 a ja sa tak m\u00f4\u017eem venova\u0165 \u010falej biznisu.<\/p>\n\n\n\n<p><strong>\u010co by ste odporu\u010dili niekomu, kto chce rozbehn\u00fa\u0165 vlastn\u00fd biznis? \u010co\nZ\u00e1sielkov\u0148u potiahlo tam, kde je dnes? <\/strong><\/p>\n\n\n\n<p>Mysl\u00edm si, \u017ee je d\u00f4le\u017eit\u00e9 urobi\u0165 prv\u00fd krok a nabra\u0165 odvahu vyda\u0165 sa na t\u00fa cestu. Hovor\u00edm to, lebo mnoh\u00fdch \u010dasto u\u017e na za\u010diatku odradia prv\u00e9 prek\u00e1\u017eky a ten prv\u00fd krok nikdy neurobia.&nbsp; Druh\u00fd krok je obklopi\u0165 sa v\u00fdborn\u00fdmi \u013eu\u010fmi. Lebo v\u00fdborn\u00ed \u013eudia rovn\u00e1 sa v\u00fdborn\u00e1 firma a \u00faspe\u0161n\u00e9 podnikanie.<\/p>\n","protected":false},"excerpt":{"rendered":"<p>Kde a ako vznikol n\u00e1pad rozbehn\u00fa\u0165 podnikanie s doru\u010dovan\u00edm z\u00e1sielok? Z\u00e1sielkov\u0148a vznikla v&nbsp;\u010cesku, ale realizovala sa s\u00fabe\u017ene aj na Slovensku. S n\u00e1padom pri\u0161la zakladate\u013eka Simona Kijonkov\u00e1, ktorej sa e-shopy s\u0165a\u017eovali, \u017ee maj\u00fa probl\u00e9m s&nbsp;dopravou z\u00e1kazn\u00edkom. T\u00fdm, \u017ee jej man\u017eel je majite\u013e e-shopu, videla do sveta e-commerce a&nbsp;na\u0161la dieru na trhu. Preto sa rozhodla zalo\u017ei\u0165 Z\u00e1sielkov\u0148u. &hellip; <a href=\"https:\/\/www.firmaren.sk\/clanky\/zasielky-nosili-v-mhd-dnes-chcu-byt-europskym-lidrom\/\">Continued<\/a><\/p>\n","protected":false},"author":5,"featured_media":1394,"comment_status":"closed","ping_status":"open","sticky":false,"template":"","format":"standard","meta":{"_acf_changed":false,"footnotes":""},"categories":[15,12,5,7],"tags":[],"class_list":["post-1389","post","type-post","status-publish","format-standard","has-post-thumbnail","hentry","category-motivacia","category-podnikanie","category-s-r-o","category-zivnosti"],"acf":[],"yoast_head":"<!-- This site is optimized with the Yoast SEO plugin v26.7 - https:\/\/yoast.com\/wordpress\/plugins\/seo\/ -->\n<title>Z\u00e1sielky nosili v MHD, dnes chc\u00fa by\u0165 eur\u00f3pskym l\u00eddrom - Firm\u00e1re\u0148.sk<\/title>\n<meta name=\"description\" content=\"Kde a ako vznikol n\u00e1pad rozbehn\u00fa\u0165 podnikanie s doru\u010dovan\u00edm z\u00e1sielok? \ufeffV\u010faka vytrvalosti sa zo Z\u00e1sielkovne stal zn\u00e1my pojem, ktor\u00fd prekra\u010duje hranice.\" \/>\n<meta name=\"robots\" content=\"index, follow, max-snippet:-1, max-image-preview:large, max-video-preview:-1\" \/>\n<link rel=\"canonical\" href=\"https:\/\/www.firmaren.sk\/clanky\/zasielky-nosili-v-mhd-dnes-chcu-byt-europskym-lidrom\/\" \/>\n<meta property=\"og:locale\" content=\"sk_SK\" \/>\n<meta property=\"og:type\" content=\"article\" \/>\n<meta property=\"og:title\" content=\"Z\u00e1sielky nosili v MHD, dnes chc\u00fa by\u0165 eur\u00f3pskym l\u00eddrom - Firm\u00e1re\u0148.sk\" \/>\n<meta property=\"og:description\" content=\"Kde a ako vznikol n\u00e1pad rozbehn\u00fa\u0165 podnikanie s doru\u010dovan\u00edm z\u00e1sielok? \ufeffV\u010faka vytrvalosti sa zo Z\u00e1sielkovne stal zn\u00e1my pojem, ktor\u00fd prekra\u010duje hranice.\" \/>\n<meta property=\"og:url\" content=\"https:\/\/www.firmaren.sk\/clanky\/zasielky-nosili-v-mhd-dnes-chcu-byt-europskym-lidrom\/\" \/>\n<meta property=\"og:site_name\" content=\"Firm\u00e1re\u0148.sk\" \/>\n<meta property=\"article:publisher\" content=\"https:\/\/www.facebook.com\/Firmaren\/\" \/>\n<meta property=\"article:published_time\" content=\"2019-07-23T10:22:06+00:00\" \/>\n<meta property=\"article:modified_time\" content=\"2019-07-23T10:22:07+00:00\" \/>\n<meta property=\"og:image\" content=\"https:\/\/www.firmaren.sk\/clanky\/wp-content\/uploads\/2019\/03\/podnikanie_zasielkovna_1_firmaren-e1553721404301.jpg\" \/>\n\t<meta property=\"og:image:width\" content=\"1224\" \/>\n\t<meta property=\"og:image:height\" content=\"1632\" \/>\n\t<meta property=\"og:image:type\" content=\"image\/jpeg\" \/>\n<meta name=\"author\" content=\"Carmen Vir\u00e1gov\u00e1\" \/>\n<meta name=\"twitter:card\" content=\"summary_large_image\" \/>\n<meta name=\"twitter:label1\" content=\"Autor\" \/>\n\t<meta name=\"twitter:data1\" content=\"Carmen Vir\u00e1gov\u00e1\" \/>\n\t<meta name=\"twitter:label2\" content=\"Predpokladan\u00fd \u010das \u010d\u00edtania\" \/>\n\t<meta name=\"twitter:data2\" content=\"4 min\u00faty\" \/>\n<script type=\"application\/ld+json\" class=\"yoast-schema-graph\">{\"@context\":\"https:\/\/schema.org\",\"@graph\":[{\"@type\":\"Article\",\"@id\":\"https:\/\/www.firmaren.sk\/clanky\/zasielky-nosili-v-mhd-dnes-chcu-byt-europskym-lidrom\/#article\",\"isPartOf\":{\"@id\":\"https:\/\/www.firmaren.sk\/clanky\/zasielky-nosili-v-mhd-dnes-chcu-byt-europskym-lidrom\/\"},\"author\":{\"name\":\"Carmen Vir\u00e1gov\u00e1\",\"@id\":\"https:\/\/www.firmaren.sk\/clanky\/#\/schema\/person\/506167d9a6ca6b890f788571345b02b6\"},\"headline\":\"Z\u00e1sielky nosili v MHD, dnes chc\u00fa by\u0165 eur\u00f3pskym l\u00eddrom\",\"datePublished\":\"2019-07-23T10:22:06+00:00\",\"dateModified\":\"2019-07-23T10:22:07+00:00\",\"mainEntityOfPage\":{\"@id\":\"https:\/\/www.firmaren.sk\/clanky\/zasielky-nosili-v-mhd-dnes-chcu-byt-europskym-lidrom\/\"},\"wordCount\":765,\"image\":{\"@id\":\"https:\/\/www.firmaren.sk\/clanky\/zasielky-nosili-v-mhd-dnes-chcu-byt-europskym-lidrom\/#primaryimage\"},\"thumbnailUrl\":\"https:\/\/www.firmaren.sk\/clanky\/wp-content\/uploads\/2019\/03\/podnikanie_zasielkovna_1_firmaren-e1553721404301.jpg\",\"articleSection\":[\"Motiv\u00e1cia\",\"Podnikanie\",\"S.R.O.\",\"\u017divnosti\"],\"inLanguage\":\"sk-SK\"},{\"@type\":\"WebPage\",\"@id\":\"https:\/\/www.firmaren.sk\/clanky\/zasielky-nosili-v-mhd-dnes-chcu-byt-europskym-lidrom\/\",\"url\":\"https:\/\/www.firmaren.sk\/clanky\/zasielky-nosili-v-mhd-dnes-chcu-byt-europskym-lidrom\/\",\"name\":\"Z\u00e1sielky nosili v MHD, dnes chc\u00fa by\u0165 eur\u00f3pskym l\u00eddrom - Firm\u00e1re\u0148.sk\",\"isPartOf\":{\"@id\":\"https:\/\/www.firmaren.sk\/clanky\/#website\"},\"primaryImageOfPage\":{\"@id\":\"https:\/\/www.firmaren.sk\/clanky\/zasielky-nosili-v-mhd-dnes-chcu-byt-europskym-lidrom\/#primaryimage\"},\"image\":{\"@id\":\"https:\/\/www.firmaren.sk\/clanky\/zasielky-nosili-v-mhd-dnes-chcu-byt-europskym-lidrom\/#primaryimage\"},\"thumbnailUrl\":\"https:\/\/www.firmaren.sk\/clanky\/wp-content\/uploads\/2019\/03\/podnikanie_zasielkovna_1_firmaren-e1553721404301.jpg\",\"datePublished\":\"2019-07-23T10:22:06+00:00\",\"dateModified\":\"2019-07-23T10:22:07+00:00\",\"author\":{\"@id\":\"https:\/\/www.firmaren.sk\/clanky\/#\/schema\/person\/506167d9a6ca6b890f788571345b02b6\"},\"description\":\"Kde a ako vznikol n\u00e1pad rozbehn\u00fa\u0165 podnikanie s doru\u010dovan\u00edm z\u00e1sielok? \ufeffV\u010faka vytrvalosti sa zo Z\u00e1sielkovne stal zn\u00e1my pojem, ktor\u00fd prekra\u010duje hranice.\",\"breadcrumb\":{\"@id\":\"https:\/\/www.firmaren.sk\/clanky\/zasielky-nosili-v-mhd-dnes-chcu-byt-europskym-lidrom\/#breadcrumb\"},\"inLanguage\":\"sk-SK\",\"potentialAction\":[{\"@type\":\"ReadAction\",\"target\":[\"https:\/\/www.firmaren.sk\/clanky\/zasielky-nosili-v-mhd-dnes-chcu-byt-europskym-lidrom\/\"]}]},{\"@type\":\"ImageObject\",\"inLanguage\":\"sk-SK\",\"@id\":\"https:\/\/www.firmaren.sk\/clanky\/zasielky-nosili-v-mhd-dnes-chcu-byt-europskym-lidrom\/#primaryimage\",\"url\":\"https:\/\/www.firmaren.sk\/clanky\/wp-content\/uploads\/2019\/03\/podnikanie_zasielkovna_1_firmaren-e1553721404301.jpg\",\"contentUrl\":\"https:\/\/www.firmaren.sk\/clanky\/wp-content\/uploads\/2019\/03\/podnikanie_zasielkovna_1_firmaren-e1553721404301.jpg\",\"width\":1224,\"height\":1632,\"caption\":\"Podnikanie-Z\u00e1sielkov\u0148a-Firm\u00e1re\u0148\"},{\"@type\":\"BreadcrumbList\",\"@id\":\"https:\/\/www.firmaren.sk\/clanky\/zasielky-nosili-v-mhd-dnes-chcu-byt-europskym-lidrom\/#breadcrumb\",\"itemListElement\":[{\"@type\":\"ListItem\",\"position\":1,\"name\":\"Domovsk\u00e1 str\u00e1nka\",\"item\":\"https:\/\/www.firmaren.sk\/clanky\/\"},{\"@type\":\"ListItem\",\"position\":2,\"name\":\"Z\u00e1sielky nosili v MHD, dnes chc\u00fa by\u0165 eur\u00f3pskym l\u00eddrom\"}]},{\"@type\":\"WebSite\",\"@id\":\"https:\/\/www.firmaren.sk\/clanky\/#website\",\"url\":\"https:\/\/www.firmaren.sk\/clanky\/\",\"name\":\"Firm\u00e1re\u0148.sk\",\"description\":\"Blog o podnikan\u00ed\",\"potentialAction\":[{\"@type\":\"SearchAction\",\"target\":{\"@type\":\"EntryPoint\",\"urlTemplate\":\"https:\/\/www.firmaren.sk\/clanky\/?s={search_term_string}\"},\"query-input\":{\"@type\":\"PropertyValueSpecification\",\"valueRequired\":true,\"valueName\":\"search_term_string\"}}],\"inLanguage\":\"sk-SK\"},{\"@type\":\"Person\",\"@id\":\"https:\/\/www.firmaren.sk\/clanky\/#\/schema\/person\/506167d9a6ca6b890f788571345b02b6\",\"name\":\"Carmen Vir\u00e1gov\u00e1\",\"image\":{\"@type\":\"ImageObject\",\"inLanguage\":\"sk-SK\",\"@id\":\"https:\/\/www.firmaren.sk\/clanky\/#\/schema\/person\/image\/\",\"url\":\"https:\/\/secure.gravatar.com\/avatar\/3abcdf7ab3a2808639bc2c309b445348ce4c7638d6001a0f2fc555861144a023?s=96&d=mm&r=g\",\"contentUrl\":\"https:\/\/secure.gravatar.com\/avatar\/3abcdf7ab3a2808639bc2c309b445348ce4c7638d6001a0f2fc555861144a023?s=96&d=mm&r=g\",\"caption\":\"Carmen Vir\u00e1gov\u00e1\"},\"description\":\"Carmen Vir\u00e1gov\u00e1 je \u017eurnalistka a spolupracovn\u00ed\u010dka port\u00e1lu Firm\u00e1re\u0148.\",\"sameAs\":[\"http:\/\/www.firmaren.sk\"]}]}<\/script>\n<!-- \/ Yoast SEO plugin. -->","yoast_head_json":{"title":"Z\u00e1sielky nosili v MHD, dnes chc\u00fa by\u0165 eur\u00f3pskym l\u00eddrom - Firm\u00e1re\u0148.sk","description":"Kde a ako vznikol n\u00e1pad rozbehn\u00fa\u0165 podnikanie s doru\u010dovan\u00edm z\u00e1sielok? \ufeffV\u010faka vytrvalosti sa zo Z\u00e1sielkovne stal zn\u00e1my pojem, ktor\u00fd prekra\u010duje hranice.","robots":{"index":"index","follow":"follow","max-snippet":"max-snippet:-1","max-image-preview":"max-image-preview:large","max-video-preview":"max-video-preview:-1"},"canonical":"https:\/\/www.firmaren.sk\/clanky\/zasielky-nosili-v-mhd-dnes-chcu-byt-europskym-lidrom\/","og_locale":"sk_SK","og_type":"article","og_title":"Z\u00e1sielky nosili v MHD, dnes chc\u00fa by\u0165 eur\u00f3pskym l\u00eddrom - Firm\u00e1re\u0148.sk","og_description":"Kde a ako vznikol n\u00e1pad rozbehn\u00fa\u0165 podnikanie s doru\u010dovan\u00edm z\u00e1sielok? \ufeffV\u010faka vytrvalosti sa zo Z\u00e1sielkovne stal zn\u00e1my pojem, ktor\u00fd prekra\u010duje hranice.","og_url":"https:\/\/www.firmaren.sk\/clanky\/zasielky-nosili-v-mhd-dnes-chcu-byt-europskym-lidrom\/","og_site_name":"Firm\u00e1re\u0148.sk","article_publisher":"https:\/\/www.facebook.com\/Firmaren\/","article_published_time":"2019-07-23T10:22:06+00:00","article_modified_time":"2019-07-23T10:22:07+00:00","og_image":[{"width":1224,"height":1632,"url":"https:\/\/www.firmaren.sk\/clanky\/wp-content\/uploads\/2019\/03\/podnikanie_zasielkovna_1_firmaren-e1553721404301.jpg","type":"image\/jpeg"}],"author":"Carmen Vir\u00e1gov\u00e1","twitter_card":"summary_large_image","twitter_misc":{"Autor":"Carmen Vir\u00e1gov\u00e1","Predpokladan\u00fd \u010das \u010d\u00edtania":"4 min\u00faty"},"schema":{"@context":"https:\/\/schema.org","@graph":[{"@type":"Article","@id":"https:\/\/www.firmaren.sk\/clanky\/zasielky-nosili-v-mhd-dnes-chcu-byt-europskym-lidrom\/#article","isPartOf":{"@id":"https:\/\/www.firmaren.sk\/clanky\/zasielky-nosili-v-mhd-dnes-chcu-byt-europskym-lidrom\/"},"author":{"name":"Carmen Vir\u00e1gov\u00e1","@id":"https:\/\/www.firmaren.sk\/clanky\/#\/schema\/person\/506167d9a6ca6b890f788571345b02b6"},"headline":"Z\u00e1sielky nosili v MHD, dnes chc\u00fa by\u0165 eur\u00f3pskym l\u00eddrom","datePublished":"2019-07-23T10:22:06+00:00","dateModified":"2019-07-23T10:22:07+00:00","mainEntityOfPage":{"@id":"https:\/\/www.firmaren.sk\/clanky\/zasielky-nosili-v-mhd-dnes-chcu-byt-europskym-lidrom\/"},"wordCount":765,"image":{"@id":"https:\/\/www.firmaren.sk\/clanky\/zasielky-nosili-v-mhd-dnes-chcu-byt-europskym-lidrom\/#primaryimage"},"thumbnailUrl":"https:\/\/www.firmaren.sk\/clanky\/wp-content\/uploads\/2019\/03\/podnikanie_zasielkovna_1_firmaren-e1553721404301.jpg","articleSection":["Motiv\u00e1cia","Podnikanie","S.R.O.","\u017divnosti"],"inLanguage":"sk-SK"},{"@type":"WebPage","@id":"https:\/\/www.firmaren.sk\/clanky\/zasielky-nosili-v-mhd-dnes-chcu-byt-europskym-lidrom\/","url":"https:\/\/www.firmaren.sk\/clanky\/zasielky-nosili-v-mhd-dnes-chcu-byt-europskym-lidrom\/","name":"Z\u00e1sielky nosili v MHD, dnes chc\u00fa by\u0165 eur\u00f3pskym l\u00eddrom - Firm\u00e1re\u0148.sk","isPartOf":{"@id":"https:\/\/www.firmaren.sk\/clanky\/#website"},"primaryImageOfPage":{"@id":"https:\/\/www.firmaren.sk\/clanky\/zasielky-nosili-v-mhd-dnes-chcu-byt-europskym-lidrom\/#primaryimage"},"image":{"@id":"https:\/\/www.firmaren.sk\/clanky\/zasielky-nosili-v-mhd-dnes-chcu-byt-europskym-lidrom\/#primaryimage"},"thumbnailUrl":"https:\/\/www.firmaren.sk\/clanky\/wp-content\/uploads\/2019\/03\/podnikanie_zasielkovna_1_firmaren-e1553721404301.jpg","datePublished":"2019-07-23T10:22:06+00:00","dateModified":"2019-07-23T10:22:07+00:00","author":{"@id":"https:\/\/www.firmaren.sk\/clanky\/#\/schema\/person\/506167d9a6ca6b890f788571345b02b6"},"description":"Kde a ako vznikol n\u00e1pad rozbehn\u00fa\u0165 podnikanie s doru\u010dovan\u00edm z\u00e1sielok? \ufeffV\u010faka vytrvalosti sa zo Z\u00e1sielkovne stal zn\u00e1my pojem, ktor\u00fd prekra\u010duje hranice.","breadcrumb":{"@id":"https:\/\/www.firmaren.sk\/clanky\/zasielky-nosili-v-mhd-dnes-chcu-byt-europskym-lidrom\/#breadcrumb"},"inLanguage":"sk-SK","potentialAction":[{"@type":"ReadAction","target":["https:\/\/www.firmaren.sk\/clanky\/zasielky-nosili-v-mhd-dnes-chcu-byt-europskym-lidrom\/"]}]},{"@type":"ImageObject","inLanguage":"sk-SK","@id":"https:\/\/www.firmaren.sk\/clanky\/zasielky-nosili-v-mhd-dnes-chcu-byt-europskym-lidrom\/#primaryimage","url":"https:\/\/www.firmaren.sk\/clanky\/wp-content\/uploads\/2019\/03\/podnikanie_zasielkovna_1_firmaren-e1553721404301.jpg","contentUrl":"https:\/\/www.firmaren.sk\/clanky\/wp-content\/uploads\/2019\/03\/podnikanie_zasielkovna_1_firmaren-e1553721404301.jpg","width":1224,"height":1632,"caption":"Podnikanie-Z\u00e1sielkov\u0148a-Firm\u00e1re\u0148"},{"@type":"BreadcrumbList","@id":"https:\/\/www.firmaren.sk\/clanky\/zasielky-nosili-v-mhd-dnes-chcu-byt-europskym-lidrom\/#breadcrumb","itemListElement":[{"@type":"ListItem","position":1,"name":"Domovsk\u00e1 str\u00e1nka","item":"https:\/\/www.firmaren.sk\/clanky\/"},{"@type":"ListItem","position":2,"name":"Z\u00e1sielky nosili v MHD, dnes chc\u00fa by\u0165 eur\u00f3pskym l\u00eddrom"}]},{"@type":"WebSite","@id":"https:\/\/www.firmaren.sk\/clanky\/#website","url":"https:\/\/www.firmaren.sk\/clanky\/","name":"Firm\u00e1re\u0148.sk","description":"Blog o podnikan\u00ed","potentialAction":[{"@type":"SearchAction","target":{"@type":"EntryPoint","urlTemplate":"https:\/\/www.firmaren.sk\/clanky\/?s={search_term_string}"},"query-input":{"@type":"PropertyValueSpecification","valueRequired":true,"valueName":"search_term_string"}}],"inLanguage":"sk-SK"},{"@type":"Person","@id":"https:\/\/www.firmaren.sk\/clanky\/#\/schema\/person\/506167d9a6ca6b890f788571345b02b6","name":"Carmen Vir\u00e1gov\u00e1","image":{"@type":"ImageObject","inLanguage":"sk-SK","@id":"https:\/\/www.firmaren.sk\/clanky\/#\/schema\/person\/image\/","url":"https:\/\/secure.gravatar.com\/avatar\/3abcdf7ab3a2808639bc2c309b445348ce4c7638d6001a0f2fc555861144a023?s=96&d=mm&r=g","contentUrl":"https:\/\/secure.gravatar.com\/avatar\/3abcdf7ab3a2808639bc2c309b445348ce4c7638d6001a0f2fc555861144a023?s=96&d=mm&r=g","caption":"Carmen Vir\u00e1gov\u00e1"},"description":"Carmen Vir\u00e1gov\u00e1 je \u017eurnalistka a spolupracovn\u00ed\u010dka port\u00e1lu Firm\u00e1re\u0148.","sameAs":["http:\/\/www.firmaren.sk"]}]}},"perex":"<p>Na za\u010diatku ich nikto nepoznal a d\u00f4veru si z\u00edskavali \u0165a\u017eko. V\u010faka vytrvalosti sa v\u0161ak zo Z\u00e1sielkovne stal zn\u00e1my pojem, ktor\u00fd prekra\u010duje hranice. Pr\u00edbeh o prekonan\u00ed prek\u00e1\u017eok a \u00faspe\u0161nom rozbehnut\u00ed spolo\u010dnosti porozpr\u00e1val v\u00fdkonn\u00fd riadite\u013e Z\u00e1sielkovne Alexander Jan\u010do.<\/p>\n","_links":{"self":[{"href":"https:\/\/www.firmaren.sk\/clanky\/wp-json\/wp\/v2\/posts\/1389","targetHints":{"allow":["GET"]}}],"collection":[{"href":"https:\/\/www.firmaren.sk\/clanky\/wp-json\/wp\/v2\/posts"}],"about":[{"href":"https:\/\/www.firmaren.sk\/clanky\/wp-json\/wp\/v2\/types\/post"}],"author":[{"embeddable":true,"href":"https:\/\/www.firmaren.sk\/clanky\/wp-json\/wp\/v2\/users\/5"}],"replies":[{"embeddable":true,"href":"https:\/\/www.firmaren.sk\/clanky\/wp-json\/wp\/v2\/comments?post=1389"}],"version-history":[{"count":6,"href":"https:\/\/www.firmaren.sk\/clanky\/wp-json\/wp\/v2\/posts\/1389\/revisions"}],"predecessor-version":[{"id":1925,"href":"https:\/\/www.firmaren.sk\/clanky\/wp-json\/wp\/v2\/posts\/1389\/revisions\/1925"}],"wp:featuredmedia":[{"embeddable":true,"href":"https:\/\/www.firmaren.sk\/clanky\/wp-json\/wp\/v2\/media\/1394"}],"wp:attachment":[{"href":"https:\/\/www.firmaren.sk\/clanky\/wp-json\/wp\/v2\/media?parent=1389"}],"wp:term":[{"taxonomy":"category","embeddable":true,"href":"https:\/\/www.firmaren.sk\/clanky\/wp-json\/wp\/v2\/categories?post=1389"},{"taxonomy":"post_tag","embeddable":true,"href":"https:\/\/www.firmaren.sk\/clanky\/wp-json\/wp\/v2\/tags?post=1389"}],"curies":[{"name":"wp","href":"https:\/\/api.w.org\/{rel}","templated":true}]}}